{"id":1,"date":"2014-07-02T11:01:17","date_gmt":"2014-07-02T09:01:17","guid":{"rendered":"http:\/\/crm.czest.pl\/?p=1"},"modified":"2023-02-13T13:37:31","modified_gmt":"2023-02-13T12:37:31","slug":"witaj-swiecie","status":"publish","type":"post","link":"https:\/\/crm.czest.pl\/index.php\/2014\/07\/02\/witaj-swiecie\/","title":{"rendered":"PIELGRZYMKA"},"content":{"rendered":"\n<p>Dnia&nbsp; 29 czerwca 2014 roku odby\u0142a si\u0119 XXXIII Og\u00f3lnopolska Pielgrzymka Rzemios\u0142a Polskiego na Jasn\u0105 G\u00f3r\u0119.<\/p>\n\n\n\n<p>Organizatorem Pielgrzymki by\u0142a Cz\u0119stochowska Izba Rzemios\u0142a i Przedsi\u0119biorczo\u015bci<\/p>\n\n\n\n<p>W pielgrzymce uczestniczyli przedstawiciele naszego Cechu . Podczas uroczysto\u015bci Podstarszy Cechu Marian Golis zosta\u0142 uhonorowany dyplomem dla najlepszego mistrza szkol\u0105cego.<\/p>\n\n\n\n<p>Podstarsi Cechu Marian Golis , S\u0142awomir Puka i Sekretarz Zarz\u0105du Roman Podlejski w imieniu Rzemie\u015blnik\u00f3w zrzeszonych w naszym Cechu&nbsp; na r\u0119ce Koncelebransa Ks.arc. Wac\u0142awa Depo przekazali dar &#8211; ryngraf z emblematami bran\u017c .<\/p>\n\n\n\n<figure class=\"wp-block-gallery has-nested-images columns-default is-cropped wp-block-gallery-1 is-layout-flex wp-block-gallery-is-layout-flex\">\n<figure class=\"wp-block-image size-large\"><img loading=\"lazy\" decoding=\"async\" width=\"600\" height=\"402\" data-id=\"31\" src=\"http:\/\/crm.czest.pl\/wp-content\/uploads\/2023\/02\/p1.jpg\" alt=\"\" class=\"wp-image-31\" srcset=\"https:\/\/crm.czest.pl\/wp-content\/uploads\/2023\/02\/p1.jpg 600w, https:\/\/crm.czest.pl\/wp-content\/uploads\/2023\/02\/p1-300x201.jpg 300w, https:\/\/crm.czest.pl\/wp-content\/uploads\/2023\/02\/p1-448x300.jpg 448w\" sizes=\"auto, (max-width: 600px) 100vw, 600px\" \/><\/figure>\n\n\n\n<figure class=\"wp-block-image size-large\"><img loading=\"lazy\" decoding=\"async\" width=\"600\" height=\"402\" data-id=\"30\" src=\"http:\/\/crm.czest.pl\/wp-content\/uploads\/2023\/02\/p2.jpg\" alt=\"\" class=\"wp-image-30\" srcset=\"https:\/\/crm.czest.pl\/wp-content\/uploads\/2023\/02\/p2.jpg 600w, https:\/\/crm.czest.pl\/wp-content\/uploads\/2023\/02\/p2-300x201.jpg 300w, https:\/\/crm.czest.pl\/wp-content\/uploads\/2023\/02\/p2-448x300.jpg 448w\" sizes=\"auto, (max-width: 600px) 100vw, 600px\" \/><\/figure>\n\n\n\n<figure class=\"wp-block-image size-large\"><img loading=\"lazy\" decoding=\"async\" width=\"600\" height=\"402\" data-id=\"32\" src=\"http:\/\/crm.czest.pl\/wp-content\/uploads\/2023\/02\/p3.jpg\" alt=\"\" class=\"wp-image-32\" srcset=\"https:\/\/crm.czest.pl\/wp-content\/uploads\/2023\/02\/p3.jpg 600w, https:\/\/crm.czest.pl\/wp-content\/uploads\/2023\/02\/p3-300x201.jpg 300w, https:\/\/crm.czest.pl\/wp-content\/uploads\/2023\/02\/p3-448x300.jpg 448w\" sizes=\"auto, (max-width: 600px) 100vw, 600px\" \/><\/figure>\n\n\n\n<figure class=\"wp-block-image size-large\"><img loading=\"lazy\" decoding=\"async\" width=\"600\" height=\"402\" data-id=\"33\" src=\"http:\/\/crm.czest.pl\/wp-content\/uploads\/2023\/02\/p4.jpg\" alt=\"\" class=\"wp-image-33\" srcset=\"https:\/\/crm.czest.pl\/wp-content\/uploads\/2023\/02\/p4.jpg 600w, https:\/\/crm.czest.pl\/wp-content\/uploads\/2023\/02\/p4-300x201.jpg 300w, https:\/\/crm.czest.pl\/wp-content\/uploads\/2023\/02\/p4-448x300.jpg 448w\" sizes=\"auto, (max-width: 600px) 100vw, 600px\" \/><\/figure>\n\n\n\n<figure class=\"wp-block-image size-large\"><img loading=\"lazy\" decoding=\"async\" width=\"600\" height=\"402\" data-id=\"34\" src=\"http:\/\/crm.czest.pl\/wp-content\/uploads\/2023\/02\/p5.jpg\" alt=\"\" class=\"wp-image-34\" srcset=\"https:\/\/crm.czest.pl\/wp-content\/uploads\/2023\/02\/p5.jpg 600w, https:\/\/crm.czest.pl\/wp-content\/uploads\/2023\/02\/p5-300x201.jpg 300w, https:\/\/crm.czest.pl\/wp-content\/uploads\/2023\/02\/p5-448x300.jpg 448w\" sizes=\"auto, (max-width: 600px) 100vw, 600px\" \/><\/figure>\n\n\n\n<figure class=\"wp-block-image size-large\"><img loading=\"lazy\" decoding=\"async\" width=\"600\" height=\"402\" data-id=\"35\" src=\"http:\/\/crm.czest.pl\/wp-content\/uploads\/2023\/02\/p6.jpg\" alt=\"\" class=\"wp-image-35\" srcset=\"https:\/\/crm.czest.pl\/wp-content\/uploads\/2023\/02\/p6.jpg 600w, https:\/\/crm.czest.pl\/wp-content\/uploads\/2023\/02\/p6-300x201.jpg 300w, https:\/\/crm.czest.pl\/wp-content\/uploads\/2023\/02\/p6-448x300.jpg 448w\" sizes=\"auto, (max-width: 600px) 100vw, 600px\" \/><\/figure>\n\n\n\n<figure class=\"wp-block-image size-large\"><img loading=\"lazy\" decoding=\"async\" width=\"600\" height=\"402\" data-id=\"36\" src=\"http:\/\/crm.czest.pl\/wp-content\/uploads\/2023\/02\/p7.jpg\" alt=\"\" class=\"wp-image-36\" srcset=\"https:\/\/crm.czest.pl\/wp-content\/uploads\/2023\/02\/p7.jpg 600w, https:\/\/crm.czest.pl\/wp-content\/uploads\/2023\/02\/p7-300x201.jpg 300w, https:\/\/crm.czest.pl\/wp-content\/uploads\/2023\/02\/p7-448x300.jpg 448w\" sizes=\"auto, (max-width: 600px) 100vw, 600px\" \/><\/figure>\n\n\n\n<figure class=\"wp-block-image size-large\"><img loading=\"lazy\" decoding=\"async\" width=\"600\" height=\"402\" data-id=\"37\" src=\"http:\/\/crm.czest.pl\/wp-content\/uploads\/2023\/02\/p8.jpg\" alt=\"\" class=\"wp-image-37\" srcset=\"https:\/\/crm.czest.pl\/wp-content\/uploads\/2023\/02\/p8.jpg 600w, https:\/\/crm.czest.pl\/wp-content\/uploads\/2023\/02\/p8-300x201.jpg 300w, https:\/\/crm.czest.pl\/wp-content\/uploads\/2023\/02\/p8-448x300.jpg 448w\" sizes=\"auto, (max-width: 600px) 100vw, 600px\" \/><\/figure>\n<\/figure>\n","protected":false},"excerpt":{"rendered":"<p>Dnia&nbsp; 29 czerwca 2014 roku odby\u0142a si\u0119 XXXIII Og\u00f3lnopolska Pielgrzymka Rzemios\u0142a Polskiego na Jasn\u0105 G\u00f3r\u0119. Organizatorem Pielgrzymki by\u0142a Cz\u0119stochowska Izba Rzemios\u0142a i Przedsi\u0119biorczo\u015bci W pielgrzymce uczestniczyli przedstawiciele naszego Cechu . Podczas uroczysto\u015bci Podstarszy Cechu Marian Golis zosta\u0142 uhonorowany dyplomem dla &hellip; <a href=\"https:\/\/crm.czest.pl\/index.php\/2014\/07\/02\/witaj-swiecie\/\">Czytaj dalej <span class=\"meta-nav\">&rarr;<\/span><\/a><\/p>\n","protected":false},"author":1,"featured_media":0,"comment_status":"closed","ping_status":"closed","sticky":false,"template":"","format":"standard","meta":{"footnotes":""},"categories":[5],"tags":[],"class_list":["post-1","post","type-post","status-publish","format-standard","hentry","category-aktualnosci"],"_links":{"self":[{"href":"https:\/\/crm.czest.pl\/index.php\/wp-json\/wp\/v2\/posts\/1","targetHints":{"allow":["GET"]}}],"collection":[{"href":"https:\/\/crm.czest.pl\/index.php\/wp-json\/wp\/v2\/posts"}],"about":[{"href":"https:\/\/crm.czest.pl\/index.php\/wp-json\/wp\/v2\/types\/post"}],"author":[{"embeddable":true,"href":"https:\/\/crm.czest.pl\/index.php\/wp-json\/wp\/v2\/users\/1"}],"replies":[{"embeddable":true,"href":"https:\/\/crm.czest.pl\/index.php\/wp-json\/wp\/v2\/comments?post=1"}],"version-history":[{"count":3,"href":"https:\/\/crm.czest.pl\/index.php\/wp-json\/wp\/v2\/posts\/1\/revisions"}],"predecessor-version":[{"id":41,"href":"https:\/\/crm.czest.pl\/index.php\/wp-json\/wp\/v2\/posts\/1\/revisions\/41"}],"wp:attachment":[{"href":"https:\/\/crm.czest.pl\/index.php\/wp-json\/wp\/v2\/media?parent=1"}],"wp:term":[{"taxonomy":"category","embeddable":true,"href":"https:\/\/crm.czest.pl\/index.php\/wp-json\/wp\/v2\/categories?post=1"},{"taxonomy":"post_tag","embeddable":true,"href":"https:\/\/crm.czest.pl\/index.php\/wp-json\/wp\/v2\/tags?post=1"}],"curies":[{"name":"wp","href":"https:\/\/api.w.org\/{rel}","templated":true}]}}