{"id":72,"date":"2016-09-23T13:13:35","date_gmt":"2016-09-23T11:13:35","guid":{"rendered":"http:\/\/crm.czest.pl\/?p=72"},"modified":"2023-02-13T13:36:48","modified_gmt":"2023-02-13T12:36:48","slug":"przyszlosc-ksztalcenia-zawodowego","status":"publish","type":"post","link":"http:\/\/crm.czest.pl\/index.php\/2016\/09\/23\/przyszlosc-ksztalcenia-zawodowego\/","title":{"rendered":"\u00a0\u201ePrzysz\u0142o\u015b\u0107 Kszta\u0142cenia Zawodowego\u201d\u00a0"},"content":{"rendered":"\n<p>Z inicjatywy Prezesa Cz\u0119stochowskiej Izby Rzemios\u0142a i Przedsi\u0119biorczo\u015bci Pana dra W\u0142odzimierza Bi\u0144ka odby\u0142o si\u0119 19.09.2016 r. w Domu Rzemios\u0142a w Cz\u0119stochowie spotkanie p.t. &#8222;Przysz\u0142o\u015b\u0107 kszta\u0142cenia zawodowego&#8221;. Wsp\u00f3\u0142organizatorem spotkania by\u0142 Pan Konrad G\u0142\u0119bocki Pose\u0142 na Sejm RP. Prelegentem tematu by\u0142 zaproszony Pan Adam Trze\u015bkowski &#8211; Zast\u0119pca Dyrektora Departamentu Kszta\u0142cenia Zawodowego i Ustawicznego w Ministertwie Edukacji Narodowej, kt\u00f3ry przyby\u0142 w zast\u0119pstwie Pani Wiceminister Teresy Wargowskiej &#8211; Sekretarza Stanu w MEN.<br>W spotkaniu aktywnie uczestniczyli cz\u0142onkowie Cechu.<\/p>\n\n\n\n<figure class=\"wp-block-gallery has-nested-images columns-default is-cropped wp-block-gallery-1 is-layout-flex wp-block-gallery-is-layout-flex\">\n<figure class=\"wp-block-image size-large\"><img loading=\"lazy\" decoding=\"async\" width=\"600\" height=\"450\" data-id=\"74\" src=\"http:\/\/crm.czest.pl\/wp-content\/uploads\/DSCN1535.jpg\" alt=\"\" class=\"wp-image-74\" srcset=\"http:\/\/crm.czest.pl\/wp-content\/uploads\/DSCN1535.jpg 600w, http:\/\/crm.czest.pl\/wp-content\/uploads\/DSCN1535-300x225.jpg 300w, http:\/\/crm.czest.pl\/wp-content\/uploads\/DSCN1535-400x300.jpg 400w\" sizes=\"auto, (max-width: 600px) 100vw, 600px\" \/><\/figure>\n\n\n\n<figure class=\"wp-block-image size-large\"><img loading=\"lazy\" decoding=\"async\" width=\"600\" height=\"450\" data-id=\"73\" src=\"http:\/\/crm.czest.pl\/wp-content\/uploads\/DSCN1539.jpg\" alt=\"\" class=\"wp-image-73\" srcset=\"http:\/\/crm.czest.pl\/wp-content\/uploads\/DSCN1539.jpg 600w, http:\/\/crm.czest.pl\/wp-content\/uploads\/DSCN1539-300x225.jpg 300w, http:\/\/crm.czest.pl\/wp-content\/uploads\/DSCN1539-400x300.jpg 400w\" sizes=\"auto, (max-width: 600px) 100vw, 600px\" \/><\/figure>\n<\/figure>\n","protected":false},"excerpt":{"rendered":"<p>Z inicjatywy Prezesa Cz\u0119stochowskiej Izby Rzemios\u0142a i Przedsi\u0119biorczo\u015bci Pana dra W\u0142odzimierza Bi\u0144ka odby\u0142o si\u0119 19.09.2016 r. w Domu Rzemios\u0142a w Cz\u0119stochowie spotkanie p.t. &#8222;Przysz\u0142o\u015b\u0107 kszta\u0142cenia zawodowego&#8221;. Wsp\u00f3\u0142organizatorem spotkania by\u0142 Pan Konrad G\u0142\u0119bocki Pose\u0142 na Sejm RP. Prelegentem tematu by\u0142 zaproszony &hellip; <a href=\"http:\/\/crm.czest.pl\/index.php\/2016\/09\/23\/przyszlosc-ksztalcenia-zawodowego\/\">Czytaj dalej <span class=\"meta-nav\">&rarr;<\/span><\/a><\/p>\n","protected":false},"author":1,"featured_media":0,"comment_status":"closed","ping_status":"closed","sticky":false,"template":"","format":"standard","meta":{"footnotes":""},"categories":[5],"tags":[],"class_list":["post-72","post","type-post","status-publish","format-standard","hentry","category-aktualnosci"],"_links":{"self":[{"href":"http:\/\/crm.czest.pl\/index.php\/wp-json\/wp\/v2\/posts\/72","targetHints":{"allow":["GET"]}}],"collection":[{"href":"http:\/\/crm.czest.pl\/index.php\/wp-json\/wp\/v2\/posts"}],"about":[{"href":"http:\/\/crm.czest.pl\/index.php\/wp-json\/wp\/v2\/types\/post"}],"author":[{"embeddable":true,"href":"http:\/\/crm.czest.pl\/index.php\/wp-json\/wp\/v2\/users\/1"}],"replies":[{"embeddable":true,"href":"http:\/\/crm.czest.pl\/index.php\/wp-json\/wp\/v2\/comments?post=72"}],"version-history":[{"count":2,"href":"http:\/\/crm.czest.pl\/index.php\/wp-json\/wp\/v2\/posts\/72\/revisions"}],"predecessor-version":[{"id":76,"href":"http:\/\/crm.czest.pl\/index.php\/wp-json\/wp\/v2\/posts\/72\/revisions\/76"}],"wp:attachment":[{"href":"http:\/\/crm.czest.pl\/index.php\/wp-json\/wp\/v2\/media?parent=72"}],"wp:term":[{"taxonomy":"category","embeddable":true,"href":"http:\/\/crm.czest.pl\/index.php\/wp-json\/wp\/v2\/categories?post=72"},{"taxonomy":"post_tag","embeddable":true,"href":"http:\/\/crm.czest.pl\/index.php\/wp-json\/wp\/v2\/tags?post=72"}],"curies":[{"name":"wp","href":"https:\/\/api.w.org\/{rel}","templated":true}]}}